{"id":10323,"date":"2024-03-24T16:49:34","date_gmt":"2024-03-24T15:49:34","guid":{"rendered":"https:\/\/marcoair.sk\/?p=10323"},"modified":"2024-06-07T08:49:37","modified_gmt":"2024-06-07T06:49:37","slug":"najlepsie-obdobie-na-vyhliadkovy-let-ponad-tatry","status":"publish","type":"post","link":"https:\/\/marcoair.sk\/en\/najlepsie-obdobie-na-vyhliadkovy-let-ponad-tatry\/","title":{"rendered":"Najlep\u0161\u00ed \u010das a obdobie na v\u00fdlety, turistiku a vyhliadkov\u00fd let ponad Tatry"},"content":{"rendered":"\t\t<div data-elementor-type=\"wp-post\" data-elementor-id=\"10323\" class=\"elementor elementor-10323\" data-elementor-post-type=\"post\">\n\t\t\t\t\t\t<section class=\"elementor-section elementor-top-section elementor-element elementor-element-2b5b752 elementor-section-boxed elementor-section-height-default elementor-section-height-default\" data-id=\"2b5b752\" data-element_type=\"section\">\r\n\t\t\r\n\t\t\t\t\t\t\t<div class=\"elementor-container elementor-column-gap-default\">\r\n\t\t\t\t\t\t\t\t\t\t\t<div class=\"elementor-column elementor-col-100 elementor-top-column elementor-element elementor-element-40a829c\" data-id=\"40a829c\" data-element_type=\"column\">\r\n\t\t\t\t\t<div class=\"elementor-widget-wrap elementor-element-populated\">\r\n\t\t\t\t\t\t\t\t<div class=\"elementor-element elementor-element-6956eaf elementor-widget elementor-widget-text-editor\" data-id=\"6956eaf\" data-element_type=\"widget\" data-widget_type=\"text-editor.default\">\n\t\t\t\t<div class=\"elementor-widget-container\">\n\t\t\t\t\t\t\t\t\t<p>Pri pl\u00e1novan\u00ed v\u00fdletu a vyhliadkov\u00e9ho letu ponad Tatry je d\u00f4le\u017eit\u00e9 zv\u00e1\u017ei\u0165 charakteristiky jednotliv\u00fdch ro\u010dn\u00fdch obdob\u00ed.<\/p><p><strong>Leto<\/strong> l\u00e1ka svoj\u00edm teplom a dlh\u00fdmi d\u0148ami, no m\u00f4\u017ee by\u0165 pre vyhliadkov\u00fd let poriadnou v\u00fdzvou. <strong>Siln\u00e9 slnko a vysok\u00e9 teploty<\/strong> m\u00f4\u017eu prinies\u0165 aj <strong>hor\u0161iu vidite\u013enos\u0165, turbulencie a b\u00farky<\/strong> sp\u00f4soben\u00e9 teplom, najm\u00e4 po poludn\u00ed.<\/p><p>Na Slovensku s\u00fa j\u00fan a j\u00fal najda\u017edivej\u0161ie mesiace. <b>N<\/b><strong>ajmenej zr\u00e1\u017eok je v janu\u00e1ri a\u017e marci<\/strong>.<\/p><p><strong>Vo vysok\u00fdch horsk\u00fdch poloh\u00e1ch pripad\u00e1 najmen\u0161ia obla\u010dnos\u0165 na zimn\u00e9 obdobie<\/strong>, najv\u00e4\u010d\u0161ia obla\u010dnos\u0165 je zaznamen\u00e1van\u00e1 v lete, predov\u0161etk\u00fdm v j\u00fani.<\/p><p><strong>Najviac jasn\u00fdch dn\u00ed je v okt\u00f3bri<\/strong> a najviac zamra\u010den\u00fdch dn\u00ed je v m\u00e1ji a j\u00fani.<\/p><p>V priemere najsilnej\u0161\u00ed vietor f\u00faka vo febru\u00e1ri a v marci, ale tie\u017e v novembri. <strong>September je v priemere najmenej vetern\u00fdm mesiacom.<\/strong><\/p><p>Po\u010dasie v jarnom obdob\u00ed je na Slovensku mimoriadne premenliv\u00e9.<\/p><p><strong>Preto je na v\u00fdlety, turistiku a vyhliadkov\u00e9 lety v Tatr\u00e1ch a v N\u00edzkych Tatr\u00e1ch najide\u00e1lnej\u0161ia jese\u0148.<\/strong><\/p><p><strong>Z na\u0161ich sk\u00fasenost\u00ed vypl\u00fdva, \u017ee ide\u00e1lnym \u010dasom na vyhliadkov\u00fd let je po\u010das jasn\u00fdch dn\u00ed v jarnom, jesennom a zimnom obdob\u00ed, v lete len v rann\u00fdch hodin\u00e1ch.<\/strong><\/p><p>Ke\u010f chcete za\u017ei\u0165 n\u00e1dhern\u00e9 v\u00fdh\u013eady na Tatry, je d\u00f4le\u017eit\u00e9 zv\u00e1\u017ei\u0165 charakteristiky jednotliv\u00fdch ro\u010dn\u00fdch obdob\u00ed a vybra\u0165 si tak ten najvhodnej\u0161\u00ed \u010das, aby ste sa mohli pote\u0161i\u0165 nezabudnute\u013en\u00e9mu z\u00e1\u017eitku z letu ponad na\u0161e kr\u00e1sne hory.<\/p>\t\t\t\t\t\t\t\t<\/div>\n\t\t\t\t<\/div>\n\t\t\t\t\t<\/div>\r\n\t\t\t\t<\/div>\r\n\t\t\t\t\t<\/div>\r\n\t\t\t\t<\/section>\r\n\t\t\t\t<section class=\"elementor-section elementor-top-section elementor-element elementor-element-cbc1509 elementor-section-boxed elementor-section-height-default elementor-section-height-default\" data-id=\"cbc1509\" data-element_type=\"section\">\r\n\t\t\r\n\t\t\t\t\t\t\t<div class=\"elementor-container elementor-column-gap-default\">\r\n\t\t\t\t\t\t\t\t\t\t\t<div class=\"elementor-column elementor-col-100 elementor-top-column elementor-element elementor-element-04698f4\" data-id=\"04698f4\" data-element_type=\"column\">\r\n\t\t\t\t\t<div class=\"elementor-widget-wrap elementor-element-populated\">\r\n\t\t\t\t\t\t\t\t<div class=\"elementor-element elementor-element-9be6e39 elementor-widget elementor-widget-text-editor\" data-id=\"9be6e39\" data-element_type=\"widget\" data-widget_type=\"text-editor.default\">\n\t\t\t\t<div class=\"elementor-widget-container\">\n\t\t\t\t\t\t\t\t\t<p><em>foto gal\u00e9ria, d\u00e1tum letu sa zobraz\u00ed pri kliknut\u00ed na fotku\u00a0<\/em><\/p>\t\t\t\t\t\t\t\t<\/div>\n\t\t\t\t<\/div>\n\t\t\t\t\t<\/div>\r\n\t\t\t\t<\/div>\r\n\t\t\t\t\t<\/div>\r\n\t\t\t\t<\/section>\r\n\t\t\t\t<section class=\"elementor-section elementor-top-section elementor-element elementor-element-0569ff8 elementor-section-boxed elementor-section-height-default elementor-section-height-default\" data-id=\"0569ff8\" data-element_type=\"section\">\r\n\t\t\r\n\t\t\t\t\t\t\t<div class=\"elementor-container elementor-column-gap-default\">\r\n\t\t\t\t\t\t\t\t\t\t\t<div class=\"elementor-column elementor-col-100 elementor-top-column elementor-element elementor-element-50a2903\" data-id=\"50a2903\" data-element_type=\"column\">\r\n\t\t\t\t\t<div class=\"elementor-widget-wrap elementor-element-populated\">\r\n\t\t\t\t\t\t\t\t<div class=\"elementor-element elementor-element-de72a94 elementor-widget elementor-widget-gallery\" data-id=\"de72a94\" data-element_type=\"widget\" data-settings=\"{&quot;gap&quot;:{&quot;unit&quot;:&quot;px&quot;,&quot;size&quot;:9,&quot;sizes&quot;:[]},&quot;overlay_title&quot;:&quot;title&quot;,&quot;lazyload&quot;:&quot;yes&quot;,&quot;gallery_layout&quot;:&quot;grid&quot;,&quot;columns&quot;:4,&quot;columns_tablet&quot;:2,&quot;columns_mobile&quot;:1,&quot;gap_tablet&quot;:{&quot;unit&quot;:&quot;px&quot;,&quot;size&quot;:10,&quot;sizes&quot;:[]},&quot;gap_mobile&quot;:{&quot;unit&quot;:&quot;px&quot;,&quot;size&quot;:10,&quot;sizes&quot;:[]},&quot;link_to&quot;:&quot;file&quot;,&quot;aspect_ratio&quot;:&quot;3:2&quot;,&quot;overlay_background&quot;:&quot;yes&quot;,&quot;content_hover_animation&quot;:&quot;fade-in&quot;}\" data-widget_type=\"gallery.default\">\n\t\t\t\t<div class=\"elementor-widget-container\">\n\t\t\t\t\t\t\t<div class=\"elementor-gallery__container\">\n\t\t\t\t\t\t\t<a class=\"e-gallery-item elementor-gallery-item elementor-animated-content\" href=\"https:\/\/marcoair.sk\/wp-content\/uploads\/2024\/03\/let-ponad-tatry-poprad-20-januar-2024.jpg\" data-elementor-open-lightbox=\"yes\" data-elementor-lightbox-slideshow=\"de72a94\" data-elementor-lightbox-title=\"let ponad Tatry 20. janu\u00e1r 2024\" data-elementor-lightbox-description=\"let ponad Tatry 20. janu\u00e1r 2024\" data-e-action-hash=\"#elementor-action%3Aaction%3Dlightbox%26settings%3DeyJpZCI6MTAzNDIsInVybCI6Imh0dHBzOlwvXC9tYXJjb2Fpci5za1wvd3AtY29udGVudFwvdXBsb2Fkc1wvMjAyNFwvMDNcL2xldC1wb25hZC10YXRyeS1wb3ByYWQtMjAtamFudWFyLTIwMjQuanBnIiwic2xpZGVzaG93IjoiZGU3MmE5NCJ9\">\n\t\t\t\t\t<div class=\"e-gallery-image elementor-gallery-item__image\" data-thumbnail=\"https:\/\/marcoair.sk\/wp-content\/uploads\/2024\/03\/let-ponad-tatry-poprad-20-januar-2024-768x1024.jpg\" data-width=\"768\" data-height=\"1024\" aria-label=\"let ponad Tatry 20. janu\u00e1r 2024\" role=\"img\" ><\/div>\n\t\t\t\t\t\t\t\t\t\t\t<div class=\"elementor-gallery-item__overlay\"><\/div>\n\t\t\t\t\t\t\t\t\t\t\t\t\t\t\t<div class=\"elementor-gallery-item__content\">\n\t\t\t\t\t\t\t\t\t\t\t\t\t\t<div class=\"elementor-gallery-item__title\">\n\t\t\t\t\t\t\t\t\t\t\t\t\t\t\t\t\t\tlet ponad Tatry 20. janu\u00e1r 2024\t\t\t\t\t\t\t\t<\/div>\n\t\t\t\t\t\t\t\t\t\t\t\t<\/div>\n\t\t\t\t\t\t\t\t\t<\/a>\n\t\t\t\t\t\t\t<a class=\"e-gallery-item elementor-gallery-item elementor-animated-content\" href=\"https:\/\/marcoair.sk\/wp-content\/uploads\/2024\/03\/let-ponad-tatry-20-januar-2024-2.jpg\" data-elementor-open-lightbox=\"yes\" data-elementor-lightbox-slideshow=\"de72a94\" data-elementor-lightbox-title=\"let ponad Tatry 20. janu\u00e1r 2024\" data-elementor-lightbox-description=\"let ponad Tatry 20. janu\u00e1r 2024\" data-e-action-hash=\"#elementor-action%3Aaction%3Dlightbox%26settings%3DeyJpZCI6MTAzMzksInVybCI6Imh0dHBzOlwvXC9tYXJjb2Fpci5za1wvd3AtY29udGVudFwvdXBsb2Fkc1wvMjAyNFwvMDNcL2xldC1wb25hZC10YXRyeS0yMC1qYW51YXItMjAyNC0yLmpwZyIsInNsaWRlc2hvdyI6ImRlNzJhOTQifQ%3D%3D\">\n\t\t\t\t\t<div class=\"e-gallery-image elementor-gallery-item__image\" data-thumbnail=\"https:\/\/marcoair.sk\/wp-content\/uploads\/2024\/03\/let-ponad-tatry-20-januar-2024-2-768x1024.jpg\" data-width=\"768\" data-height=\"1024\" aria-label=\"let ponad Tatry 20. janu\u00e1r 2024\" role=\"img\" ><\/div>\n\t\t\t\t\t\t\t\t\t\t\t<div class=\"elementor-gallery-item__overlay\"><\/div>\n\t\t\t\t\t\t\t\t\t\t\t\t\t\t\t<div class=\"elementor-gallery-item__content\">\n\t\t\t\t\t\t\t\t\t\t\t\t\t\t<div class=\"elementor-gallery-item__title\">\n\t\t\t\t\t\t\t\t\t\t\t\t\t\t\t\t\t\tlet ponad Tatry 20. janu\u00e1r 2024\t\t\t\t\t\t\t\t<\/div>\n\t\t\t\t\t\t\t\t\t\t\t\t<\/div>\n\t\t\t\t\t\t\t\t\t<\/a>\n\t\t\t\t\t\t\t<a class=\"e-gallery-item elementor-gallery-item elementor-animated-content\" href=\"https:\/\/marcoair.sk\/wp-content\/uploads\/2024\/03\/let-ponad-tatry-20-januar-2024.jpg\" data-elementor-open-lightbox=\"yes\" data-elementor-lightbox-slideshow=\"de72a94\" data-elementor-lightbox-title=\"let ponad Tatry 20. janu\u00e1r 2024\" data-elementor-lightbox-description=\"let ponad Tatry 20. janu\u00e1r 2024\" data-e-action-hash=\"#elementor-action%3Aaction%3Dlightbox%26settings%3DeyJpZCI6MTAzNDgsInVybCI6Imh0dHBzOlwvXC9tYXJjb2Fpci5za1wvd3AtY29udGVudFwvdXBsb2Fkc1wvMjAyNFwvMDNcL2xldC1wb25hZC10YXRyeS0yMC1qYW51YXItMjAyNC5qcGciLCJzbGlkZXNob3ciOiJkZTcyYTk0In0%3D\">\n\t\t\t\t\t<div class=\"e-gallery-image elementor-gallery-item__image\" data-thumbnail=\"https:\/\/marcoair.sk\/wp-content\/uploads\/2024\/03\/let-ponad-tatry-20-januar-2024-768x1024.jpg\" data-width=\"768\" data-height=\"1024\" aria-label=\"let ponad Tatry 20. janu\u00e1r 2024\" role=\"img\" ><\/div>\n\t\t\t\t\t\t\t\t\t\t\t<div class=\"elementor-gallery-item__overlay\"><\/div>\n\t\t\t\t\t\t\t\t\t\t\t\t\t\t\t<div class=\"elementor-gallery-item__content\">\n\t\t\t\t\t\t\t\t\t\t\t\t\t\t<div class=\"elementor-gallery-item__title\">\n\t\t\t\t\t\t\t\t\t\t\t\t\t\t\t\t\t\tlet ponad Tatry 20. janu\u00e1r 2024\t\t\t\t\t\t\t\t<\/div>\n\t\t\t\t\t\t\t\t\t\t\t\t<\/div>\n\t\t\t\t\t\t\t\t\t<\/a>\n\t\t\t\t\t\t\t<a class=\"e-gallery-item elementor-gallery-item elementor-animated-content\" href=\"https:\/\/marcoair.sk\/wp-content\/uploads\/2024\/03\/let-ponad-tatry-22-marec-2024.jpeg\" data-elementor-open-lightbox=\"yes\" data-elementor-lightbox-slideshow=\"de72a94\" data-elementor-lightbox-title=\"let ponad Tatry 22. marec 2024\" data-elementor-lightbox-description=\"let ponad Tatry 22. marec 2024\" data-e-action-hash=\"#elementor-action%3Aaction%3Dlightbox%26settings%3DeyJpZCI6MTAzNDUsInVybCI6Imh0dHBzOlwvXC9tYXJjb2Fpci5za1wvd3AtY29udGVudFwvdXBsb2Fkc1wvMjAyNFwvMDNcL2xldC1wb25hZC10YXRyeS0yMi1tYXJlYy0yMDI0LmpwZWciLCJzbGlkZXNob3ciOiJkZTcyYTk0In0%3D\">\n\t\t\t\t\t<div class=\"e-gallery-image elementor-gallery-item__image\" data-thumbnail=\"https:\/\/marcoair.sk\/wp-content\/uploads\/2024\/03\/let-ponad-tatry-22-marec-2024.jpeg\" data-width=\"581\" data-height=\"1024\" aria-label=\"let ponad Tatry 22. marec 2024\" role=\"img\" ><\/div>\n\t\t\t\t\t\t\t\t\t\t\t<div class=\"elementor-gallery-item__overlay\"><\/div>\n\t\t\t\t\t\t\t\t\t\t\t\t\t\t\t<div class=\"elementor-gallery-item__content\">\n\t\t\t\t\t\t\t\t\t\t\t\t\t\t<div class=\"elementor-gallery-item__title\">\n\t\t\t\t\t\t\t\t\t\t\t\t\t\t\t\t\t\tlet ponad Tatry 22. marec 2024\t\t\t\t\t\t\t\t<\/div>\n\t\t\t\t\t\t\t\t\t\t\t\t<\/div>\n\t\t\t\t\t\t\t\t\t<\/a>\n\t\t\t\t\t\t\t<a class=\"e-gallery-item elementor-gallery-item elementor-animated-content\" href=\"https:\/\/marcoair.sk\/wp-content\/uploads\/2023\/08\/Vyhliadkovy-let-ponad-Tatry-Krivan.jpg\" data-elementor-open-lightbox=\"yes\" data-elementor-lightbox-slideshow=\"de72a94\" data-elementor-lightbox-title=\"let ponad Tatry 12. marec 2023\" data-elementor-lightbox-description=\"let ponad Tatry 12. marec 2023\" data-e-action-hash=\"#elementor-action%3Aaction%3Dlightbox%26settings%3DeyJpZCI6ODQ2MCwidXJsIjoiaHR0cHM6XC9cL21hcmNvYWlyLnNrXC93cC1jb250ZW50XC91cGxvYWRzXC8yMDIzXC8wOFwvVnlobGlhZGtvdnktbGV0LXBvbmFkLVRhdHJ5LUtyaXZhbi5qcGciLCJzbGlkZXNob3ciOiJkZTcyYTk0In0%3D\">\n\t\t\t\t\t<div class=\"e-gallery-image elementor-gallery-item__image\" data-thumbnail=\"https:\/\/marcoair.sk\/wp-content\/uploads\/2023\/08\/Vyhliadkovy-let-ponad-Tatry-Krivan-768x576.jpg\" data-width=\"768\" data-height=\"576\" aria-label=\"let ponad Tatry 12. marec 2023\" role=\"img\" ><\/div>\n\t\t\t\t\t\t\t\t\t\t\t<div class=\"elementor-gallery-item__overlay\"><\/div>\n\t\t\t\t\t\t\t\t\t\t\t\t\t\t\t<div class=\"elementor-gallery-item__content\">\n\t\t\t\t\t\t\t\t\t\t\t\t\t\t<div class=\"elementor-gallery-item__title\">\n\t\t\t\t\t\t\t\t\t\t\t\t\t\t\t\t\t\tlet ponad Tatry 12. marec 2023\t\t\t\t\t\t\t\t<\/div>\n\t\t\t\t\t\t\t\t\t\t\t\t<\/div>\n\t\t\t\t\t\t\t\t\t<\/a>\n\t\t\t\t\t\t\t<a class=\"e-gallery-item elementor-gallery-item elementor-animated-content\" href=\"https:\/\/marcoair.sk\/wp-content\/uploads\/2024\/03\/let-ponad-tatry-23-marec-2024.jpg\" data-elementor-open-lightbox=\"yes\" data-elementor-lightbox-slideshow=\"de72a94\" data-elementor-lightbox-title=\"let ponad Tatry 23. marec 2024\" data-e-action-hash=\"#elementor-action%3Aaction%3Dlightbox%26settings%3DeyJpZCI6MTAzOTYsInVybCI6Imh0dHBzOlwvXC9tYXJjb2Fpci5za1wvd3AtY29udGVudFwvdXBsb2Fkc1wvMjAyNFwvMDNcL2xldC1wb25hZC10YXRyeS0yMy1tYXJlYy0yMDI0LmpwZyIsInNsaWRlc2hvdyI6ImRlNzJhOTQifQ%3D%3D\">\n\t\t\t\t\t<div class=\"e-gallery-image elementor-gallery-item__image\" data-thumbnail=\"https:\/\/marcoair.sk\/wp-content\/uploads\/2024\/03\/let-ponad-tatry-23-marec-2024-768x576.jpg\" data-width=\"768\" data-height=\"576\" aria-label=\"let ponad Tatry 23. marec 2024\" role=\"img\" ><\/div>\n\t\t\t\t\t\t\t\t\t\t\t<div class=\"elementor-gallery-item__overlay\"><\/div>\n\t\t\t\t\t\t\t\t\t\t\t\t\t\t\t<div class=\"elementor-gallery-item__content\">\n\t\t\t\t\t\t\t\t\t\t\t\t\t\t<div class=\"elementor-gallery-item__title\">\n\t\t\t\t\t\t\t\t\t\t\t\t\t\t\t\t\t\tlet ponad Tatry 23. marec 2024\t\t\t\t\t\t\t\t<\/div>\n\t\t\t\t\t\t\t\t\t\t\t\t<\/div>\n\t\t\t\t\t\t\t\t\t<\/a>\n\t\t\t\t\t\t\t<a class=\"e-gallery-item elementor-gallery-item elementor-animated-content\" href=\"https:\/\/marcoair.sk\/wp-content\/uploads\/2024\/03\/let-ponad-tatry-11-jul-2023-1.jpg\" data-elementor-open-lightbox=\"yes\" data-elementor-lightbox-slideshow=\"de72a94\" data-elementor-lightbox-title=\"let ponad Tatry 11. j\u00fal 2023\" data-elementor-lightbox-description=\"let ponad Tatry 11. j\u00fal 2023\" data-e-action-hash=\"#elementor-action%3Aaction%3Dlightbox%26settings%3DeyJpZCI6MTAzNTcsInVybCI6Imh0dHBzOlwvXC9tYXJjb2Fpci5za1wvd3AtY29udGVudFwvdXBsb2Fkc1wvMjAyNFwvMDNcL2xldC1wb25hZC10YXRyeS0xMS1qdWwtMjAyMy0xLmpwZyIsInNsaWRlc2hvdyI6ImRlNzJhOTQifQ%3D%3D\">\n\t\t\t\t\t<div class=\"e-gallery-image elementor-gallery-item__image\" data-thumbnail=\"https:\/\/marcoair.sk\/wp-content\/uploads\/2024\/03\/let-ponad-tatry-11-jul-2023-1-768x576.jpg\" data-width=\"768\" data-height=\"576\" aria-label=\"let ponad Tatry 11. j\u00fal 2023\" role=\"img\" ><\/div>\n\t\t\t\t\t\t\t\t\t\t\t<div class=\"elementor-gallery-item__overlay\"><\/div>\n\t\t\t\t\t\t\t\t\t\t\t\t\t\t\t<div class=\"elementor-gallery-item__content\">\n\t\t\t\t\t\t\t\t\t\t\t\t\t\t<div class=\"elementor-gallery-item__title\">\n\t\t\t\t\t\t\t\t\t\t\t\t\t\t\t\t\t\tlet ponad Tatry 11. j\u00fal 2023\t\t\t\t\t\t\t\t<\/div>\n\t\t\t\t\t\t\t\t\t\t\t\t<\/div>\n\t\t\t\t\t\t\t\t\t<\/a>\n\t\t\t\t\t\t\t<a class=\"e-gallery-item elementor-gallery-item elementor-animated-content\" href=\"https:\/\/marcoair.sk\/wp-content\/uploads\/2024\/03\/let-ponad-tatry-11-jul-2023-2.jpg\" data-elementor-open-lightbox=\"yes\" data-elementor-lightbox-slideshow=\"de72a94\" data-elementor-lightbox-title=\"let ponad Tatry 11. j\u00fal 2023\" data-elementor-lightbox-description=\"let ponad Tatry 11. j\u00fal 2023\" data-e-action-hash=\"#elementor-action%3Aaction%3Dlightbox%26settings%3DeyJpZCI6MTAzNTQsInVybCI6Imh0dHBzOlwvXC9tYXJjb2Fpci5za1wvd3AtY29udGVudFwvdXBsb2Fkc1wvMjAyNFwvMDNcL2xldC1wb25hZC10YXRyeS0xMS1qdWwtMjAyMy0yLmpwZyIsInNsaWRlc2hvdyI6ImRlNzJhOTQifQ%3D%3D\">\n\t\t\t\t\t<div class=\"e-gallery-image elementor-gallery-item__image\" data-thumbnail=\"https:\/\/marcoair.sk\/wp-content\/uploads\/2024\/03\/let-ponad-tatry-11-jul-2023-2-768x576.jpg\" data-width=\"768\" data-height=\"576\" aria-label=\"let ponad Tatry 11. j\u00fal 2023\" role=\"img\" ><\/div>\n\t\t\t\t\t\t\t\t\t\t\t<div class=\"elementor-gallery-item__overlay\"><\/div>\n\t\t\t\t\t\t\t\t\t\t\t\t\t\t\t<div class=\"elementor-gallery-item__content\">\n\t\t\t\t\t\t\t\t\t\t\t\t\t\t<div class=\"elementor-gallery-item__title\">\n\t\t\t\t\t\t\t\t\t\t\t\t\t\t\t\t\t\tlet ponad Tatry 11. j\u00fal 2023\t\t\t\t\t\t\t\t<\/div>\n\t\t\t\t\t\t\t\t\t\t\t\t<\/div>\n\t\t\t\t\t\t\t\t\t<\/a>\n\t\t\t\t\t\t\t<a class=\"e-gallery-item elementor-gallery-item elementor-animated-content\" href=\"https:\/\/marcoair.sk\/wp-content\/uploads\/2024\/03\/let-ponad-tatry-11-jul-2023-3.jpg\" data-elementor-open-lightbox=\"yes\" data-elementor-lightbox-slideshow=\"de72a94\" data-elementor-lightbox-title=\"let ponad Tatry 11. j\u00fal 2023\" data-elementor-lightbox-description=\"let ponad Tatry 11. j\u00fal 2023\" data-e-action-hash=\"#elementor-action%3Aaction%3Dlightbox%26settings%3DeyJpZCI6MTAzNTEsInVybCI6Imh0dHBzOlwvXC9tYXJjb2Fpci5za1wvd3AtY29udGVudFwvdXBsb2Fkc1wvMjAyNFwvMDNcL2xldC1wb25hZC10YXRyeS0xMS1qdWwtMjAyMy0zLmpwZyIsInNsaWRlc2hvdyI6ImRlNzJhOTQifQ%3D%3D\">\n\t\t\t\t\t<div class=\"e-gallery-image elementor-gallery-item__image\" data-thumbnail=\"https:\/\/marcoair.sk\/wp-content\/uploads\/2024\/03\/let-ponad-tatry-11-jul-2023-3-768x575.jpg\" data-width=\"768\" data-height=\"575\" aria-label=\"let ponad Tatry 11. j\u00fal 2023\" role=\"img\" ><\/div>\n\t\t\t\t\t\t\t\t\t\t\t<div class=\"elementor-gallery-item__overlay\"><\/div>\n\t\t\t\t\t\t\t\t\t\t\t\t\t\t\t<div class=\"elementor-gallery-item__content\">\n\t\t\t\t\t\t\t\t\t\t\t\t\t\t<div class=\"elementor-gallery-item__title\">\n\t\t\t\t\t\t\t\t\t\t\t\t\t\t\t\t\t\tlet ponad Tatry 11. j\u00fal 2023\t\t\t\t\t\t\t\t<\/div>\n\t\t\t\t\t\t\t\t\t\t\t\t<\/div>\n\t\t\t\t\t\t\t\t\t<\/a>\n\t\t\t\t\t\t\t<a class=\"e-gallery-item elementor-gallery-item elementor-animated-content\" href=\"https:\/\/marcoair.sk\/wp-content\/uploads\/2024\/03\/let-ponad-tatry-4-august-2023.jpg\" data-elementor-open-lightbox=\"yes\" data-elementor-lightbox-slideshow=\"de72a94\" data-elementor-lightbox-title=\"let ponad Tatry 4. august 2023\" data-elementor-lightbox-description=\"let ponad Tatry 4. august 2023\" data-e-action-hash=\"#elementor-action%3Aaction%3Dlightbox%26settings%3DeyJpZCI6MTAzNjYsInVybCI6Imh0dHBzOlwvXC9tYXJjb2Fpci5za1wvd3AtY29udGVudFwvdXBsb2Fkc1wvMjAyNFwvMDNcL2xldC1wb25hZC10YXRyeS00LWF1Z3VzdC0yMDIzLmpwZyIsInNsaWRlc2hvdyI6ImRlNzJhOTQifQ%3D%3D\">\n\t\t\t\t\t<div class=\"e-gallery-image elementor-gallery-item__image\" data-thumbnail=\"https:\/\/marcoair.sk\/wp-content\/uploads\/2024\/03\/let-ponad-tatry-4-august-2023-768x576.jpg\" data-width=\"768\" data-height=\"576\" aria-label=\"let ponad Tatry 4. august 2023\" role=\"img\" ><\/div>\n\t\t\t\t\t\t\t\t\t\t\t<div class=\"elementor-gallery-item__overlay\"><\/div>\n\t\t\t\t\t\t\t\t\t\t\t\t\t\t\t<div class=\"elementor-gallery-item__content\">\n\t\t\t\t\t\t\t\t\t\t\t\t\t\t<div class=\"elementor-gallery-item__title\">\n\t\t\t\t\t\t\t\t\t\t\t\t\t\t\t\t\t\tlet ponad Tatry 4. august 2023\t\t\t\t\t\t\t\t<\/div>\n\t\t\t\t\t\t\t\t\t\t\t\t<\/div>\n\t\t\t\t\t\t\t\t\t<\/a>\n\t\t\t\t\t\t\t<a class=\"e-gallery-item elementor-gallery-item elementor-animated-content\" href=\"https:\/\/marcoair.sk\/wp-content\/uploads\/2024\/03\/let-ponad-tatry-5-september-2023-2.jpg\" data-elementor-open-lightbox=\"yes\" data-elementor-lightbox-slideshow=\"de72a94\" data-elementor-lightbox-title=\"let ponad Tatry 5. september 2023\" data-elementor-lightbox-description=\"let ponad Tatry 5. september 2023\" data-e-action-hash=\"#elementor-action%3Aaction%3Dlightbox%26settings%3DeyJpZCI6MTAzNjAsInVybCI6Imh0dHBzOlwvXC9tYXJjb2Fpci5za1wvd3AtY29udGVudFwvdXBsb2Fkc1wvMjAyNFwvMDNcL2xldC1wb25hZC10YXRyeS01LXNlcHRlbWJlci0yMDIzLTIuanBnIiwic2xpZGVzaG93IjoiZGU3MmE5NCJ9\">\n\t\t\t\t\t<div class=\"e-gallery-image elementor-gallery-item__image\" data-thumbnail=\"https:\/\/marcoair.sk\/wp-content\/uploads\/2024\/03\/let-ponad-tatry-5-september-2023-2-768x576.jpg\" data-width=\"768\" data-height=\"576\" aria-label=\"let ponad Tatry 5. september 2023\" role=\"img\" ><\/div>\n\t\t\t\t\t\t\t\t\t\t\t<div class=\"elementor-gallery-item__overlay\"><\/div>\n\t\t\t\t\t\t\t\t\t\t\t\t\t\t\t<div class=\"elementor-gallery-item__content\">\n\t\t\t\t\t\t\t\t\t\t\t\t\t\t<div class=\"elementor-gallery-item__title\">\n\t\t\t\t\t\t\t\t\t\t\t\t\t\t\t\t\t\tlet ponad Tatry 5. september 2023\t\t\t\t\t\t\t\t<\/div>\n\t\t\t\t\t\t\t\t\t\t\t\t<\/div>\n\t\t\t\t\t\t\t\t\t<\/a>\n\t\t\t\t\t\t\t<a class=\"e-gallery-item elementor-gallery-item elementor-animated-content\" href=\"https:\/\/marcoair.sk\/wp-content\/uploads\/2024\/03\/let-ponad-tatry-5-september-2023-1.jpg\" data-elementor-open-lightbox=\"yes\" data-elementor-lightbox-slideshow=\"de72a94\" data-elementor-lightbox-title=\"let ponad Tatry 5. september 2023\" data-elementor-lightbox-description=\"let ponad Tatry 5. september 2023\" data-e-action-hash=\"#elementor-action%3Aaction%3Dlightbox%26settings%3DeyJpZCI6MTAzNjMsInVybCI6Imh0dHBzOlwvXC9tYXJjb2Fpci5za1wvd3AtY29udGVudFwvdXBsb2Fkc1wvMjAyNFwvMDNcL2xldC1wb25hZC10YXRyeS01LXNlcHRlbWJlci0yMDIzLTEuanBnIiwic2xpZGVzaG93IjoiZGU3MmE5NCJ9\">\n\t\t\t\t\t<div class=\"e-gallery-image elementor-gallery-item__image\" data-thumbnail=\"https:\/\/marcoair.sk\/wp-content\/uploads\/2024\/03\/let-ponad-tatry-5-september-2023-1-768x576.jpg\" data-width=\"768\" data-height=\"576\" aria-label=\"let ponad Tatry 5. september 2023\" role=\"img\" ><\/div>\n\t\t\t\t\t\t\t\t\t\t\t<div class=\"elementor-gallery-item__overlay\"><\/div>\n\t\t\t\t\t\t\t\t\t\t\t\t\t\t\t<div class=\"elementor-gallery-item__content\">\n\t\t\t\t\t\t\t\t\t\t\t\t\t\t<div class=\"elementor-gallery-item__title\">\n\t\t\t\t\t\t\t\t\t\t\t\t\t\t\t\t\t\tlet ponad Tatry 5. september 2023\t\t\t\t\t\t\t\t<\/div>\n\t\t\t\t\t\t\t\t\t\t\t\t<\/div>\n\t\t\t\t\t\t\t\t\t<\/a>\n\t\t\t\t\t\t\t<a class=\"e-gallery-item elementor-gallery-item elementor-animated-content\" href=\"https:\/\/marcoair.sk\/wp-content\/uploads\/2024\/03\/let-ponad-tatry-1-november-2023-1.jpg\" data-elementor-open-lightbox=\"yes\" data-elementor-lightbox-slideshow=\"de72a94\" data-elementor-lightbox-title=\"let ponad Tatry 1. november 2023\" data-elementor-lightbox-description=\"let ponad Tatry 1. november 2023\" data-e-action-hash=\"#elementor-action%3Aaction%3Dlightbox%26settings%3DeyJpZCI6MTAzNzIsInVybCI6Imh0dHBzOlwvXC9tYXJjb2Fpci5za1wvd3AtY29udGVudFwvdXBsb2Fkc1wvMjAyNFwvMDNcL2xldC1wb25hZC10YXRyeS0xLW5vdmVtYmVyLTIwMjMtMS5qcGciLCJzbGlkZXNob3ciOiJkZTcyYTk0In0%3D\">\n\t\t\t\t\t<div class=\"e-gallery-image elementor-gallery-item__image\" data-thumbnail=\"https:\/\/marcoair.sk\/wp-content\/uploads\/2024\/03\/let-ponad-tatry-1-november-2023-1-768x576.jpg\" data-width=\"768\" data-height=\"576\" aria-label=\"let ponad Tatry 1. november 2023\" role=\"img\" ><\/div>\n\t\t\t\t\t\t\t\t\t\t\t<div class=\"elementor-gallery-item__overlay\"><\/div>\n\t\t\t\t\t\t\t\t\t\t\t\t\t\t\t<div class=\"elementor-gallery-item__content\">\n\t\t\t\t\t\t\t\t\t\t\t\t\t\t<div class=\"elementor-gallery-item__title\">\n\t\t\t\t\t\t\t\t\t\t\t\t\t\t\t\t\t\tlet ponad Tatry 1. november 2023\t\t\t\t\t\t\t\t<\/div>\n\t\t\t\t\t\t\t\t\t\t\t\t<\/div>\n\t\t\t\t\t\t\t\t\t<\/a>\n\t\t\t\t\t\t\t<a class=\"e-gallery-item elementor-gallery-item elementor-animated-content\" href=\"https:\/\/marcoair.sk\/wp-content\/uploads\/2024\/03\/let-ponad-tatry-1-november-2023-2.jpg\" data-elementor-open-lightbox=\"yes\" data-elementor-lightbox-slideshow=\"de72a94\" data-elementor-lightbox-title=\"let ponad Tatry 1. november 2023\" data-elementor-lightbox-description=\"let ponad Tatry 1. november 2023\" data-e-action-hash=\"#elementor-action%3Aaction%3Dlightbox%26settings%3DeyJpZCI6MTAzNjksInVybCI6Imh0dHBzOlwvXC9tYXJjb2Fpci5za1wvd3AtY29udGVudFwvdXBsb2Fkc1wvMjAyNFwvMDNcL2xldC1wb25hZC10YXRyeS0xLW5vdmVtYmVyLTIwMjMtMi5qcGciLCJzbGlkZXNob3ciOiJkZTcyYTk0In0%3D\">\n\t\t\t\t\t<div class=\"e-gallery-image elementor-gallery-item__image\" data-thumbnail=\"https:\/\/marcoair.sk\/wp-content\/uploads\/2024\/03\/let-ponad-tatry-1-november-2023-2-768x1212.jpg\" data-width=\"768\" data-height=\"1212\" aria-label=\"let ponad Tatry 1. november 2023\" role=\"img\" ><\/div>\n\t\t\t\t\t\t\t\t\t\t\t<div class=\"elementor-gallery-item__overlay\"><\/div>\n\t\t\t\t\t\t\t\t\t\t\t\t\t\t\t<div class=\"elementor-gallery-item__content\">\n\t\t\t\t\t\t\t\t\t\t\t\t\t\t<div class=\"elementor-gallery-item__title\">\n\t\t\t\t\t\t\t\t\t\t\t\t\t\t\t\t\t\tlet ponad Tatry 1. november 2023\t\t\t\t\t\t\t\t<\/div>\n\t\t\t\t\t\t\t\t\t\t\t\t<\/div>\n\t\t\t\t\t\t\t\t\t<\/a>\n\t\t\t\t\t\t\t<a class=\"e-gallery-item elementor-gallery-item elementor-animated-content\" href=\"https:\/\/marcoair.sk\/wp-content\/uploads\/2024\/03\/let-ponad-tatry-27-december-2023-3.jpg\" data-elementor-open-lightbox=\"yes\" data-elementor-lightbox-slideshow=\"de72a94\" data-elementor-lightbox-title=\"let ponad Tatry 27. december 2023\" data-elementor-lightbox-description=\"let ponad Tatry 27. december 2023\" data-e-action-hash=\"#elementor-action%3Aaction%3Dlightbox%26settings%3DeyJpZCI6MTAzMzAsInVybCI6Imh0dHBzOlwvXC9tYXJjb2Fpci5za1wvd3AtY29udGVudFwvdXBsb2Fkc1wvMjAyNFwvMDNcL2xldC1wb25hZC10YXRyeS0yNy1kZWNlbWJlci0yMDIzLTMuanBnIiwic2xpZGVzaG93IjoiZGU3MmE5NCJ9\">\n\t\t\t\t\t<div class=\"e-gallery-image elementor-gallery-item__image\" data-thumbnail=\"https:\/\/marcoair.sk\/wp-content\/uploads\/2024\/03\/let-ponad-tatry-27-december-2023-3-768x576.jpg\" data-width=\"768\" data-height=\"576\" aria-label=\"let ponad Tatry 27. december 2023\" role=\"img\" ><\/div>\n\t\t\t\t\t\t\t\t\t\t\t<div class=\"elementor-gallery-item__overlay\"><\/div>\n\t\t\t\t\t\t\t\t\t\t\t\t\t\t\t<div class=\"elementor-gallery-item__content\">\n\t\t\t\t\t\t\t\t\t\t\t\t\t\t<div class=\"elementor-gallery-item__title\">\n\t\t\t\t\t\t\t\t\t\t\t\t\t\t\t\t\t\tlet ponad Tatry 27. december 2023\t\t\t\t\t\t\t\t<\/div>\n\t\t\t\t\t\t\t\t\t\t\t\t<\/div>\n\t\t\t\t\t\t\t\t\t<\/a>\n\t\t\t\t\t\t\t<a class=\"e-gallery-item elementor-gallery-item elementor-animated-content\" href=\"https:\/\/marcoair.sk\/wp-content\/uploads\/2024\/03\/let-ponad-tatry-27-december-2023-1.jpg\" data-elementor-open-lightbox=\"yes\" data-elementor-lightbox-slideshow=\"de72a94\" data-elementor-lightbox-title=\"let ponad Tatry 27. december 2023\" data-elementor-lightbox-description=\"let ponad Tatry 27. december 2023\" data-e-action-hash=\"#elementor-action%3Aaction%3Dlightbox%26settings%3DeyJpZCI6MTAzMzYsInVybCI6Imh0dHBzOlwvXC9tYXJjb2Fpci5za1wvd3AtY29udGVudFwvdXBsb2Fkc1wvMjAyNFwvMDNcL2xldC1wb25hZC10YXRyeS0yNy1kZWNlbWJlci0yMDIzLTEuanBnIiwic2xpZGVzaG93IjoiZGU3MmE5NCJ9\">\n\t\t\t\t\t<div class=\"e-gallery-image elementor-gallery-item__image\" data-thumbnail=\"https:\/\/marcoair.sk\/wp-content\/uploads\/2024\/03\/let-ponad-tatry-27-december-2023-1-768x576.jpg\" data-width=\"768\" data-height=\"576\" aria-label=\"let ponad Tatry 27. december 2023\" role=\"img\" ><\/div>\n\t\t\t\t\t\t\t\t\t\t\t<div class=\"elementor-gallery-item__overlay\"><\/div>\n\t\t\t\t\t\t\t\t\t\t\t\t\t\t\t<div class=\"elementor-gallery-item__content\">\n\t\t\t\t\t\t\t\t\t\t\t\t\t\t<div class=\"elementor-gallery-item__title\">\n\t\t\t\t\t\t\t\t\t\t\t\t\t\t\t\t\t\tlet ponad Tatry 27. december 2023\t\t\t\t\t\t\t\t<\/div>\n\t\t\t\t\t\t\t\t\t\t\t\t<\/div>\n\t\t\t\t\t\t\t\t\t<\/a>\n\t\t\t\t\t\t\t<a class=\"e-gallery-item elementor-gallery-item elementor-animated-content\" href=\"https:\/\/marcoair.sk\/wp-content\/uploads\/2024\/03\/let-ponad-tatry-27-decemcer-2023-2.jpg\" data-elementor-open-lightbox=\"yes\" data-elementor-lightbox-slideshow=\"de72a94\" data-elementor-lightbox-title=\"let ponad Tatry 27. decemcer 2023\" data-elementor-lightbox-description=\"let ponad Tatry 27. decemcer 2023\" data-e-action-hash=\"#elementor-action%3Aaction%3Dlightbox%26settings%3DeyJpZCI6MTAzMzMsInVybCI6Imh0dHBzOlwvXC9tYXJjb2Fpci5za1wvd3AtY29udGVudFwvdXBsb2Fkc1wvMjAyNFwvMDNcL2xldC1wb25hZC10YXRyeS0yNy1kZWNlbWNlci0yMDIzLTIuanBnIiwic2xpZGVzaG93IjoiZGU3MmE5NCJ9\">\n\t\t\t\t\t<div class=\"e-gallery-image elementor-gallery-item__image\" data-thumbnail=\"https:\/\/marcoair.sk\/wp-content\/uploads\/2024\/03\/let-ponad-tatry-27-decemcer-2023-2-768x576.jpg\" data-width=\"768\" data-height=\"576\" aria-label=\"let ponad Tatry 27. decemcer 2023\" role=\"img\" ><\/div>\n\t\t\t\t\t\t\t\t\t\t\t<div class=\"elementor-gallery-item__overlay\"><\/div>\n\t\t\t\t\t\t\t\t\t\t\t\t\t\t\t<div class=\"elementor-gallery-item__content\">\n\t\t\t\t\t\t\t\t\t\t\t\t\t\t<div class=\"elementor-gallery-item__title\">\n\t\t\t\t\t\t\t\t\t\t\t\t\t\t\t\t\t\tlet ponad Tatry 27. decemcer 2023\t\t\t\t\t\t\t\t<\/div>\n\t\t\t\t\t\t\t\t\t\t\t\t<\/div>\n\t\t\t\t\t\t\t\t\t<\/a>\n\t\t\t\t\t\t\t<a class=\"e-gallery-item elementor-gallery-item elementor-animated-content\" href=\"https:\/\/marcoair.sk\/wp-content\/uploads\/2024\/01\/vyhliadkovy-let-ponad-tatry-krivan-marcoair.jpg\" data-elementor-open-lightbox=\"yes\" data-elementor-lightbox-slideshow=\"de72a94\" data-elementor-lightbox-title=\"let ponad Tatry 27. december 2023\" data-elementor-lightbox-description=\"let ponad Tatry 27. december 2023\" data-e-action-hash=\"#elementor-action%3Aaction%3Dlightbox%26settings%3DeyJpZCI6OTM1MSwidXJsIjoiaHR0cHM6XC9cL21hcmNvYWlyLnNrXC93cC1jb250ZW50XC91cGxvYWRzXC8yMDI0XC8wMVwvdnlobGlhZGtvdnktbGV0LXBvbmFkLXRhdHJ5LWtyaXZhbi1tYXJjb2Fpci5qcGciLCJzbGlkZXNob3ciOiJkZTcyYTk0In0%3D\">\n\t\t\t\t\t<div class=\"e-gallery-image elementor-gallery-item__image\" data-thumbnail=\"https:\/\/marcoair.sk\/wp-content\/uploads\/2024\/01\/vyhliadkovy-let-ponad-tatry-krivan-marcoair-768x576.jpg\" data-width=\"768\" data-height=\"576\" aria-label=\"let ponad Tatry 27. december 2023\" role=\"img\" ><\/div>\n\t\t\t\t\t\t\t\t\t\t\t<div class=\"elementor-gallery-item__overlay\"><\/div>\n\t\t\t\t\t\t\t\t\t\t\t\t\t\t\t<div class=\"elementor-gallery-item__content\">\n\t\t\t\t\t\t\t\t\t\t\t\t\t\t<div class=\"elementor-gallery-item__title\">\n\t\t\t\t\t\t\t\t\t\t\t\t\t\t\t\t\t\tlet ponad Tatry 27. december 2023\t\t\t\t\t\t\t\t<\/div>\n\t\t\t\t\t\t\t\t\t\t\t\t<\/div>\n\t\t\t\t\t\t\t\t\t<\/a>\n\t\t\t\t\t<\/div>\n\t\t\t\t\t<\/div>\n\t\t\t\t<\/div>\n\t\t\t\t\t<\/div>\r\n\t\t\t\t<\/div>\r\n\t\t\t\t\t<\/div>\r\n\t\t\t\t<\/section>\r\n\t\t\t\t<\/div>\n\t\t","protected":false},"excerpt":{"rendered":"<p>Ke\u010f chcete za\u017ei\u0165 n\u00e1dhern\u00e9 v\u00fdh\u013eady na Tatry, je d\u00f4le\u017eit\u00e9 zv\u00e1\u017ei\u0165 charakteristiky jednotliv\u00fdch ro\u010dn\u00fdch obdob\u00ed a vybra\u0165 si tak ten najvhodnej\u0161\u00ed \u010das, aby ste sa mohli pote\u0161i\u0165 nezabudnute\u013en\u00e9mu z\u00e1\u017eitku z letu ponad na\u0161e kr\u00e1sne hory.<br \/>\nZ na\u0161ich sk\u00fasenost\u00ed vypl\u00fdva, \u017ee ide\u00e1lnym \u010dasom na vyhliadkov\u00fd let je po\u010das jasn\u00fdch dn\u00ed v jarnom, jesennom a zimnom obdob\u00ed, v lete v rann\u00fdch hodin\u00e1ch.<\/p>\n","protected":false},"author":1,"featured_media":10339,"comment_status":"open","ping_status":"open","sticky":false,"template":"","format":"standard","meta":{"_bbp_topic_count":0,"_bbp_reply_count":0,"_bbp_total_topic_count":0,"_bbp_total_reply_count":0,"_bbp_voice_count":0,"_bbp_anonymous_reply_count":0,"_bbp_topic_count_hidden":0,"_bbp_reply_count_hidden":0,"_bbp_forum_subforum_count":0,"footnotes":""},"categories":[1],"tags":[],"class_list":["post-10323","post","type-post","status-publish","format-standard","has-post-thumbnail","hentry","category-nezaradene"],"featured_image_src":{"landsacpe":["https:\/\/marcoair.sk\/wp-content\/uploads\/2024\/03\/let-ponad-tatry-20-januar-2024-2-960x445.jpg",960,445,true],"list":["https:\/\/marcoair.sk\/wp-content\/uploads\/2024\/03\/let-ponad-tatry-20-januar-2024-2-463x348.jpg",463,348,true],"medium":["https:\/\/marcoair.sk\/wp-content\/uploads\/2024\/03\/let-ponad-tatry-20-januar-2024-2-225x300.jpg",225,300,true],"full":["https:\/\/marcoair.sk\/wp-content\/uploads\/2024\/03\/let-ponad-tatry-20-januar-2024-2.jpg",960,1280,false]},"yoast_head":"<!-- This site is optimized with the Yoast SEO plugin v24.7 - https:\/\/yoast.com\/wordpress\/plugins\/seo\/ -->\n<title>Najlep\u0161\u00ed \u010das a obdobie na v\u00fdlety, turistiku a vyhliadkov\u00fd let ponad Tatry - Marco Air<\/title>\n<meta name=\"robots\" content=\"index, follow, max-snippet:-1, max-image-preview:large, max-video-preview:-1\" \/>\n<link rel=\"canonical\" href=\"https:\/\/marcoair.sk\/najlepsie-obdobie-na-vyhliadkovy-let-ponad-tatry\/\" \/>\n<meta property=\"og:locale\" content=\"en_US\" \/>\n<meta property=\"og:type\" content=\"article\" \/>\n<meta property=\"og:title\" content=\"Najlep\u0161\u00ed \u010das a obdobie na v\u00fdlety, turistiku a vyhliadkov\u00fd let ponad Tatry - Marco Air\" \/>\n<meta property=\"og:description\" content=\"Ke\u010f chcete za\u017ei\u0165 n\u00e1dhern\u00e9 v\u00fdh\u013eady na Tatry, je d\u00f4le\u017eit\u00e9 zv\u00e1\u017ei\u0165 charakteristiky jednotliv\u00fdch ro\u010dn\u00fdch obdob\u00ed a vybra\u0165 si tak ten najvhodnej\u0161\u00ed \u010das, aby ste sa mohli pote\u0161i\u0165 nezabudnute\u013en\u00e9mu z\u00e1\u017eitku z letu ponad na\u0161e kr\u00e1sne hory. Z na\u0161ich sk\u00fasenost\u00ed vypl\u00fdva, \u017ee ide\u00e1lnym \u010dasom na vyhliadkov\u00fd let je po\u010das jasn\u00fdch dn\u00ed v jarnom, jesennom a zimnom obdob\u00ed, v lete v rann\u00fdch hodin\u00e1ch.\" \/>\n<meta property=\"og:url\" content=\"https:\/\/marcoair.sk\/najlepsie-obdobie-na-vyhliadkovy-let-ponad-tatry\/\" \/>\n<meta property=\"og:site_name\" content=\"Marco Air\" \/>\n<meta property=\"article:published_time\" content=\"2024-03-24T15:49:34+00:00\" \/>\n<meta property=\"article:modified_time\" content=\"2024-06-07T06:49:37+00:00\" \/>\n<meta property=\"og:image\" content=\"https:\/\/marcoair.sk\/wp-content\/uploads\/2024\/03\/let-ponad-tatry-20-januar-2024-2.jpg\" \/>\n\t<meta property=\"og:image:width\" content=\"960\" \/>\n\t<meta property=\"og:image:height\" content=\"1280\" \/>\n\t<meta property=\"og:image:type\" content=\"image\/jpeg\" \/>\n<meta name=\"author\" content=\"Marek\" \/>\n<meta name=\"twitter:card\" content=\"summary_large_image\" \/>\n<meta name=\"twitter:label1\" content=\"Written by\" \/>\n\t<meta name=\"twitter:data1\" content=\"Marek\" \/>\n\t<meta name=\"twitter:label2\" content=\"Est. reading time\" \/>\n\t<meta name=\"twitter:data2\" content=\"2 minutes\" \/>\n<script type=\"application\/ld+json\" class=\"yoast-schema-graph\">{\"@context\":\"https:\/\/schema.org\",\"@graph\":[{\"@type\":\"Article\",\"@id\":\"https:\/\/marcoair.sk\/najlepsie-obdobie-na-vyhliadkovy-let-ponad-tatry\/#article\",\"isPartOf\":{\"@id\":\"https:\/\/marcoair.sk\/najlepsie-obdobie-na-vyhliadkovy-let-ponad-tatry\/\"},\"author\":{\"name\":\"Marek\",\"@id\":\"https:\/\/marcoair.sk\/#\/schema\/person\/e3bec03829a6bd7a623122e91e99cb8d\"},\"headline\":\"Najlep\u0161\u00ed \u010das a obdobie na v\u00fdlety, turistiku a vyhliadkov\u00fd let ponad Tatry\",\"datePublished\":\"2024-03-24T15:49:34+00:00\",\"dateModified\":\"2024-06-07T06:49:37+00:00\",\"mainEntityOfPage\":{\"@id\":\"https:\/\/marcoair.sk\/najlepsie-obdobie-na-vyhliadkovy-let-ponad-tatry\/\"},\"wordCount\":384,\"commentCount\":1,\"publisher\":{\"@id\":\"https:\/\/marcoair.sk\/#organization\"},\"image\":{\"@id\":\"https:\/\/marcoair.sk\/najlepsie-obdobie-na-vyhliadkovy-let-ponad-tatry\/#primaryimage\"},\"thumbnailUrl\":\"https:\/\/marcoair.sk\/wp-content\/uploads\/2024\/03\/let-ponad-tatry-20-januar-2024-2.jpg\",\"articleSection\":[\"Nezaraden\u00e9\"],\"inLanguage\":\"en-US\",\"potentialAction\":[{\"@type\":\"CommentAction\",\"name\":\"Comment\",\"target\":[\"https:\/\/marcoair.sk\/najlepsie-obdobie-na-vyhliadkovy-let-ponad-tatry\/#respond\"]}]},{\"@type\":\"WebPage\",\"@id\":\"https:\/\/marcoair.sk\/najlepsie-obdobie-na-vyhliadkovy-let-ponad-tatry\/\",\"url\":\"https:\/\/marcoair.sk\/najlepsie-obdobie-na-vyhliadkovy-let-ponad-tatry\/\",\"name\":\"Najlep\u0161\u00ed \u010das a obdobie na v\u00fdlety, turistiku a vyhliadkov\u00fd let ponad Tatry - Marco Air\",\"isPartOf\":{\"@id\":\"https:\/\/marcoair.sk\/#website\"},\"primaryImageOfPage\":{\"@id\":\"https:\/\/marcoair.sk\/najlepsie-obdobie-na-vyhliadkovy-let-ponad-tatry\/#primaryimage\"},\"image\":{\"@id\":\"https:\/\/marcoair.sk\/najlepsie-obdobie-na-vyhliadkovy-let-ponad-tatry\/#primaryimage\"},\"thumbnailUrl\":\"https:\/\/marcoair.sk\/wp-content\/uploads\/2024\/03\/let-ponad-tatry-20-januar-2024-2.jpg\",\"datePublished\":\"2024-03-24T15:49:34+00:00\",\"dateModified\":\"2024-06-07T06:49:37+00:00\",\"breadcrumb\":{\"@id\":\"https:\/\/marcoair.sk\/najlepsie-obdobie-na-vyhliadkovy-let-ponad-tatry\/#breadcrumb\"},\"inLanguage\":\"en-US\",\"potentialAction\":[{\"@type\":\"ReadAction\",\"target\":[\"https:\/\/marcoair.sk\/najlepsie-obdobie-na-vyhliadkovy-let-ponad-tatry\/\"]}]},{\"@type\":\"ImageObject\",\"inLanguage\":\"en-US\",\"@id\":\"https:\/\/marcoair.sk\/najlepsie-obdobie-na-vyhliadkovy-let-ponad-tatry\/#primaryimage\",\"url\":\"https:\/\/marcoair.sk\/wp-content\/uploads\/2024\/03\/let-ponad-tatry-20-januar-2024-2.jpg\",\"contentUrl\":\"https:\/\/marcoair.sk\/wp-content\/uploads\/2024\/03\/let-ponad-tatry-20-januar-2024-2.jpg\",\"width\":960,\"height\":1280,\"caption\":\"let ponad Tatry 20. janu\u00e1r 2024\"},{\"@type\":\"BreadcrumbList\",\"@id\":\"https:\/\/marcoair.sk\/najlepsie-obdobie-na-vyhliadkovy-let-ponad-tatry\/#breadcrumb\",\"itemListElement\":[{\"@type\":\"ListItem\",\"position\":1,\"name\":\"Domovsk\u00e1 str\u00e1nka\",\"item\":\"https:\/\/marcoair.sk\/en\/elementor-4371\/\"},{\"@type\":\"ListItem\",\"position\":2,\"name\":\"Najlep\u0161\u00ed \u010das a obdobie na v\u00fdlety, turistiku a vyhliadkov\u00fd let ponad Tatry\"}]},{\"@type\":\"WebSite\",\"@id\":\"https:\/\/marcoair.sk\/#website\",\"url\":\"https:\/\/marcoair.sk\/\",\"name\":\"Marco Air\",\"description\":\"Cost sharing flights\",\"publisher\":{\"@id\":\"https:\/\/marcoair.sk\/#organization\"},\"potentialAction\":[{\"@type\":\"SearchAction\",\"target\":{\"@type\":\"EntryPoint\",\"urlTemplate\":\"https:\/\/marcoair.sk\/?s={search_term_string}\"},\"query-input\":{\"@type\":\"PropertyValueSpecification\",\"valueRequired\":true,\"valueName\":\"search_term_string\"}}],\"inLanguage\":\"en-US\"},{\"@type\":\"Organization\",\"@id\":\"https:\/\/marcoair.sk\/#organization\",\"name\":\"Marco Air\",\"url\":\"https:\/\/marcoair.sk\/\",\"logo\":{\"@type\":\"ImageObject\",\"inLanguage\":\"en-US\",\"@id\":\"https:\/\/marcoair.sk\/#\/schema\/logo\/image\/\",\"url\":\"https:\/\/marcoair.sk\/wp-content\/uploads\/2023\/03\/Marco-Air-logo.png\",\"contentUrl\":\"https:\/\/marcoair.sk\/wp-content\/uploads\/2023\/03\/Marco-Air-logo.png\",\"width\":150,\"height\":79,\"caption\":\"Marco Air\"},\"image\":{\"@id\":\"https:\/\/marcoair.sk\/#\/schema\/logo\/image\/\"},\"sameAs\":[\"https:\/\/www.instagram.com\/dobrodruznelety\/\"]},{\"@type\":\"Person\",\"@id\":\"https:\/\/marcoair.sk\/#\/schema\/person\/e3bec03829a6bd7a623122e91e99cb8d\",\"name\":\"Marek\",\"image\":{\"@type\":\"ImageObject\",\"inLanguage\":\"en-US\",\"@id\":\"https:\/\/marcoair.sk\/#\/schema\/person\/image\/\",\"url\":\"https:\/\/secure.gravatar.com\/avatar\/f141c27f3958b273965d64ced5f6fcdc?s=96&d=mm&r=g\",\"contentUrl\":\"https:\/\/secure.gravatar.com\/avatar\/f141c27f3958b273965d64ced5f6fcdc?s=96&d=mm&r=g\",\"caption\":\"Marek\"},\"sameAs\":[\"http:\/\/marcoair.sk\"],\"url\":\"https:\/\/marcoair.sk\/en\/author\/dobrodruzne\/\"}]}<\/script>\n<!-- \/ Yoast SEO plugin. -->","yoast_head_json":{"title":"Najlep\u0161\u00ed \u010das a obdobie na v\u00fdlety, turistiku a vyhliadkov\u00fd let ponad Tatry - Marco Air","robots":{"index":"index","follow":"follow","max-snippet":"max-snippet:-1","max-image-preview":"max-image-preview:large","max-video-preview":"max-video-preview:-1"},"canonical":"https:\/\/marcoair.sk\/najlepsie-obdobie-na-vyhliadkovy-let-ponad-tatry\/","og_locale":"en_US","og_type":"article","og_title":"Najlep\u0161\u00ed \u010das a obdobie na v\u00fdlety, turistiku a vyhliadkov\u00fd let ponad Tatry - Marco Air","og_description":"Ke\u010f chcete za\u017ei\u0165 n\u00e1dhern\u00e9 v\u00fdh\u013eady na Tatry, je d\u00f4le\u017eit\u00e9 zv\u00e1\u017ei\u0165 charakteristiky jednotliv\u00fdch ro\u010dn\u00fdch obdob\u00ed a vybra\u0165 si tak ten najvhodnej\u0161\u00ed \u010das, aby ste sa mohli pote\u0161i\u0165 nezabudnute\u013en\u00e9mu z\u00e1\u017eitku z letu ponad na\u0161e kr\u00e1sne hory. Z na\u0161ich sk\u00fasenost\u00ed vypl\u00fdva, \u017ee ide\u00e1lnym \u010dasom na vyhliadkov\u00fd let je po\u010das jasn\u00fdch dn\u00ed v jarnom, jesennom a zimnom obdob\u00ed, v lete v rann\u00fdch hodin\u00e1ch.","og_url":"https:\/\/marcoair.sk\/najlepsie-obdobie-na-vyhliadkovy-let-ponad-tatry\/","og_site_name":"Marco Air","article_published_time":"2024-03-24T15:49:34+00:00","article_modified_time":"2024-06-07T06:49:37+00:00","og_image":[{"width":960,"height":1280,"url":"https:\/\/marcoair.sk\/wp-content\/uploads\/2024\/03\/let-ponad-tatry-20-januar-2024-2.jpg","type":"image\/jpeg"}],"author":"Marek","twitter_card":"summary_large_image","twitter_misc":{"Written by":"Marek","Est. reading time":"2 minutes"},"schema":{"@context":"https:\/\/schema.org","@graph":[{"@type":"Article","@id":"https:\/\/marcoair.sk\/najlepsie-obdobie-na-vyhliadkovy-let-ponad-tatry\/#article","isPartOf":{"@id":"https:\/\/marcoair.sk\/najlepsie-obdobie-na-vyhliadkovy-let-ponad-tatry\/"},"author":{"name":"Marek","@id":"https:\/\/marcoair.sk\/#\/schema\/person\/e3bec03829a6bd7a623122e91e99cb8d"},"headline":"Najlep\u0161\u00ed \u010das a obdobie na v\u00fdlety, turistiku a vyhliadkov\u00fd let ponad Tatry","datePublished":"2024-03-24T15:49:34+00:00","dateModified":"2024-06-07T06:49:37+00:00","mainEntityOfPage":{"@id":"https:\/\/marcoair.sk\/najlepsie-obdobie-na-vyhliadkovy-let-ponad-tatry\/"},"wordCount":384,"commentCount":1,"publisher":{"@id":"https:\/\/marcoair.sk\/#organization"},"image":{"@id":"https:\/\/marcoair.sk\/najlepsie-obdobie-na-vyhliadkovy-let-ponad-tatry\/#primaryimage"},"thumbnailUrl":"https:\/\/marcoair.sk\/wp-content\/uploads\/2024\/03\/let-ponad-tatry-20-januar-2024-2.jpg","articleSection":["Nezaraden\u00e9"],"inLanguage":"en-US","potentialAction":[{"@type":"CommentAction","name":"Comment","target":["https:\/\/marcoair.sk\/najlepsie-obdobie-na-vyhliadkovy-let-ponad-tatry\/#respond"]}]},{"@type":"WebPage","@id":"https:\/\/marcoair.sk\/najlepsie-obdobie-na-vyhliadkovy-let-ponad-tatry\/","url":"https:\/\/marcoair.sk\/najlepsie-obdobie-na-vyhliadkovy-let-ponad-tatry\/","name":"Najlep\u0161\u00ed \u010das a obdobie na v\u00fdlety, turistiku a vyhliadkov\u00fd let ponad Tatry - Marco Air","isPartOf":{"@id":"https:\/\/marcoair.sk\/#website"},"primaryImageOfPage":{"@id":"https:\/\/marcoair.sk\/najlepsie-obdobie-na-vyhliadkovy-let-ponad-tatry\/#primaryimage"},"image":{"@id":"https:\/\/marcoair.sk\/najlepsie-obdobie-na-vyhliadkovy-let-ponad-tatry\/#primaryimage"},"thumbnailUrl":"https:\/\/marcoair.sk\/wp-content\/uploads\/2024\/03\/let-ponad-tatry-20-januar-2024-2.jpg","datePublished":"2024-03-24T15:49:34+00:00","dateModified":"2024-06-07T06:49:37+00:00","breadcrumb":{"@id":"https:\/\/marcoair.sk\/najlepsie-obdobie-na-vyhliadkovy-let-ponad-tatry\/#breadcrumb"},"inLanguage":"en-US","potentialAction":[{"@type":"ReadAction","target":["https:\/\/marcoair.sk\/najlepsie-obdobie-na-vyhliadkovy-let-ponad-tatry\/"]}]},{"@type":"ImageObject","inLanguage":"en-US","@id":"https:\/\/marcoair.sk\/najlepsie-obdobie-na-vyhliadkovy-let-ponad-tatry\/#primaryimage","url":"https:\/\/marcoair.sk\/wp-content\/uploads\/2024\/03\/let-ponad-tatry-20-januar-2024-2.jpg","contentUrl":"https:\/\/marcoair.sk\/wp-content\/uploads\/2024\/03\/let-ponad-tatry-20-januar-2024-2.jpg","width":960,"height":1280,"caption":"let ponad Tatry 20. janu\u00e1r 2024"},{"@type":"BreadcrumbList","@id":"https:\/\/marcoair.sk\/najlepsie-obdobie-na-vyhliadkovy-let-ponad-tatry\/#breadcrumb","itemListElement":[{"@type":"ListItem","position":1,"name":"Domovsk\u00e1 str\u00e1nka","item":"https:\/\/marcoair.sk\/en\/elementor-4371\/"},{"@type":"ListItem","position":2,"name":"Najlep\u0161\u00ed \u010das a obdobie na v\u00fdlety, turistiku a vyhliadkov\u00fd let ponad Tatry"}]},{"@type":"WebSite","@id":"https:\/\/marcoair.sk\/#website","url":"https:\/\/marcoair.sk\/","name":"Marco Air","description":"Cost sharing flights","publisher":{"@id":"https:\/\/marcoair.sk\/#organization"},"potentialAction":[{"@type":"SearchAction","target":{"@type":"EntryPoint","urlTemplate":"https:\/\/marcoair.sk\/?s={search_term_string}"},"query-input":{"@type":"PropertyValueSpecification","valueRequired":true,"valueName":"search_term_string"}}],"inLanguage":"en-US"},{"@type":"Organization","@id":"https:\/\/marcoair.sk\/#organization","name":"Marco Air","url":"https:\/\/marcoair.sk\/","logo":{"@type":"ImageObject","inLanguage":"en-US","@id":"https:\/\/marcoair.sk\/#\/schema\/logo\/image\/","url":"https:\/\/marcoair.sk\/wp-content\/uploads\/2023\/03\/Marco-Air-logo.png","contentUrl":"https:\/\/marcoair.sk\/wp-content\/uploads\/2023\/03\/Marco-Air-logo.png","width":150,"height":79,"caption":"Marco Air"},"image":{"@id":"https:\/\/marcoair.sk\/#\/schema\/logo\/image\/"},"sameAs":["https:\/\/www.instagram.com\/dobrodruznelety\/"]},{"@type":"Person","@id":"https:\/\/marcoair.sk\/#\/schema\/person\/e3bec03829a6bd7a623122e91e99cb8d","name":"Marek","image":{"@type":"ImageObject","inLanguage":"en-US","@id":"https:\/\/marcoair.sk\/#\/schema\/person\/image\/","url":"https:\/\/secure.gravatar.com\/avatar\/f141c27f3958b273965d64ced5f6fcdc?s=96&d=mm&r=g","contentUrl":"https:\/\/secure.gravatar.com\/avatar\/f141c27f3958b273965d64ced5f6fcdc?s=96&d=mm&r=g","caption":"Marek"},"sameAs":["http:\/\/marcoair.sk"],"url":"https:\/\/marcoair.sk\/en\/author\/dobrodruzne\/"}]}},"_links":{"self":[{"href":"https:\/\/marcoair.sk\/en\/wp-json\/wp\/v2\/posts\/10323","targetHints":{"allow":["GET"]}}],"collection":[{"href":"https:\/\/marcoair.sk\/en\/wp-json\/wp\/v2\/posts"}],"about":[{"href":"https:\/\/marcoair.sk\/en\/wp-json\/wp\/v2\/types\/post"}],"author":[{"embeddable":true,"href":"https:\/\/marcoair.sk\/en\/wp-json\/wp\/v2\/users\/1"}],"replies":[{"embeddable":true,"href":"https:\/\/marcoair.sk\/en\/wp-json\/wp\/v2\/comments?post=10323"}],"version-history":[{"count":31,"href":"https:\/\/marcoair.sk\/en\/wp-json\/wp\/v2\/posts\/10323\/revisions"}],"predecessor-version":[{"id":10665,"href":"https:\/\/marcoair.sk\/en\/wp-json\/wp\/v2\/posts\/10323\/revisions\/10665"}],"wp:featuredmedia":[{"embeddable":true,"href":"https:\/\/marcoair.sk\/en\/wp-json\/wp\/v2\/media\/10339"}],"wp:attachment":[{"href":"https:\/\/marcoair.sk\/en\/wp-json\/wp\/v2\/media?parent=10323"}],"wp:term":[{"taxonomy":"category","embeddable":true,"href":"https:\/\/marcoair.sk\/en\/wp-json\/wp\/v2\/categories?post=10323"},{"taxonomy":"post_tag","embeddable":true,"href":"https:\/\/marcoair.sk\/en\/wp-json\/wp\/v2\/tags?post=10323"}],"curies":[{"name":"wp","href":"https:\/\/api.w.org\/{rel}","templated":true}]}}